{"id":1808,"date":"2026-08-31T16:44:14","date_gmt":"2026-08-31T14:44:14","guid":{"rendered":"https:\/\/marina-baiona.com\/o-presidente-da-marina-de-ceuta-o-noso-compromiso-e-tan-forte-ou-incluso-mais-forte-que-antes\/"},"modified":"2026-08-31T16:54:40","modified_gmt":"2026-08-31T14:54:40","slug":"o-presidente-da-marina-de-ceuta-o-noso-compromiso-e-tan-forte-ou-incluso-mais-forte-que-antes","status":"publish","type":"post","link":"https:\/\/marina-baiona.com\/gl\/o-presidente-da-marina-de-ceuta-o-noso-compromiso-e-tan-forte-ou-incluso-mais-forte-que-antes\/","title":{"rendered":"O presidente da Mari\u00f1a de Ceuta: \u00abO noso compromiso \u00e9 tan forte, ou incluso m\u00e1is forte, que antes\u00bb."},"content":{"rendered":"\t\t<div data-elementor-type=\"wp-post\" data-elementor-id=\"1808\" class=\"elementor elementor-1808 elementor-1793\" data-elementor-post-type=\"post\">\n\t\t\t\t<div class=\"elementor-element elementor-element-e00ae46 e-con e-atomic-element e-flexbox-base e-fb92d3c \" data-id=\"e00ae46\" data-element_type=\"e-flexbox\" data-e-type=\"e-flexbox\" data-interaction-id=\"e00ae46\" data-e-type=\"e-flexbox\" data-id=\"e00ae46\">\n    \t\t<div class=\"elementor-element elementor-element-9c0d6bb elementor-widget elementor-widget-text-editor\" data-id=\"9c0d6bb\" data-element_type=\"widget\" data-e-type=\"widget\" data-widget_type=\"text-editor.default\">\n\t\t\t\t\t\t\t\t\t<h5>Artigo de <a href=\"https:\/\/www.elpueblodeceuta.es\/sec\/economia\/presidente-puerto-deportivo-ceuta-apuesta_1_1186712.html\" target=\"_blank\" rel=\"noopener\">El Pueblo de Ceuta<\/a> , escrito por: Gabriela Sard\u00e1<\/h5>\t\t\t\t\t\t\t\t<\/div>\n\t\t\t\t<div class=\"elementor-element elementor-element-2c2fcf9 elementor-widget elementor-widget-text-editor\" data-id=\"2c2fcf9\" data-element_type=\"widget\" data-e-type=\"widget\" data-widget_type=\"text-editor.default\">\n\t\t\t\t\t\t\t\t\t<p>Jos\u00e9 Manuel Arrojo \u00e9 o director xeral de Nauplia Capital, que ten a concesi\u00f3n de Marina H\u00e9rcules ata 2051, e asegura que actualmente operan &#8220;moi preto da normalidade&#8221; anterior \u00e1 &#8220;invasi\u00f3n&#8221;. O investimento de case 7 mill\u00f3ns de euros mantense. <\/p>\t\t\t\t\t\t\t\t<\/div>\n\t\t\t\t<div class=\"elementor-element elementor-element-1f43e48 elementor-widget elementor-widget-spacer\" data-id=\"1f43e48\" data-element_type=\"widget\" data-e-type=\"widget\" data-widget_type=\"spacer.default\">\n\t\t\t\t\t\t\t<div class=\"elementor-spacer\">\n\t\t\t<div class=\"elementor-spacer-inner\"><\/div>\n\t\t<\/div>\n\t\t\t\t\t\t<\/div>\n\t\t\t\t<div class=\"elementor-element elementor-element-347b2ad elementor-widget elementor-widget-text-editor\" data-id=\"347b2ad\" data-element_type=\"widget\" data-e-type=\"widget\" data-widget_type=\"text-editor.default\">\n\t\t\t\t\t\t\t\t\t<p><span style=\"color: #999999;\">Ceuta\/<\/span> A Jos\u00e9 Manuel Arrojo g\u00fastalle Ceuta. D\u00edceo ao comezo da conversa e rep\u00edteo, dun xeito ou doutro, ao longo da entrevista que concede a El Pueblo de Ceuta para esbozar o futuro que imaxina como investidor na cidade tras a invasi\u00f3n marroqu\u00ed. O presidente e director executivo de Nauplia Capital, a empresa que xestiona o porto deportivo Marina H\u00e9rcules, chegou \u00e1 cidade en 2024, cando a empresa adquiriu o 100% das acci\u00f3ns da instalaci\u00f3n coa intenci\u00f3n de emprender unha \u00abprofunda transformaci\u00f3n\u00bb.  <\/p><p>Desde ent\u00f3n, a empresa renovou gran parte do seu persoal, mellorou os servizos e as infraestruturas e preparou un ambicioso proxecto de investimento para transformar o porto deportivo nun dos principais atractivos tur\u00edsticos da cidade. Ata o de agora, estima un investimento de m\u00e1is dun mill\u00f3n de euros, que seguir\u00e1 crecendo. A empresa conseguiu os fondos para executar un proxecto que supera os seis mill\u00f3ns de euros e, cunha nova concesi\u00f3n pendente de finalizaci\u00f3n, o investimento poder\u00eda chegar aos 7,5 mill\u00f3ns. S\u00f3 falta a licenza de obras. Os acontecementos do 30 de xullo en Tarajal non minguaron o entusiasmo nin del nin do seu equipo. \u00abO noso compromiso \u00e9 igual de forte, ou incluso m\u00e1is forte, que antes\u00bb, sost\u00e9n.     <\/p><p><strong>P: Cal \u00e9 a t\u00faa conexi\u00f3n con Ceuta, como comezou todo?<\/strong><\/p><p>R: Nunca estivera involucrado con Ceuta ata que, a trav\u00e9s dunha conexi\u00f3n dun dos meus socios, me presentaron a algu\u00e9n que me preguntou se estaba interesado no porto de Ceuta. Naquel momento, xa ti\u00f1amos cinco ou seis portos, e d\u00edxenlle que ter\u00eda que investigalo.<\/p><aside data-ad-type=\"list\"><div> <\/div><\/aside><p>Despois estiven en Ceuta e co\u00f1ec\u00edn aos antigos propietarios do porto deportivo. A verdade \u00e9 que o porto deportivo necesitaba coidados urxentes, pero ti\u00f1a moito potencial. Chegamos a un acordo en 2024 e adquirimos o 100&nbsp;% das acci\u00f3ns do porto deportivo. Como facemos con todos os portos deportivos que adquirimos, desenvolvemos un proxecto para melloralo substancialmente desde todos os puntos de vista: a infraestrutura, o persoal, que tam\u00e9n requir\u00eda unha atenci\u00f3n considerable, e os usuarios, cuxo servizo considero insuficiente ou inadecuado.   <\/p><p>Reun\u00ednme co representante dos usuarios e chegamos a acordos. E a decisi\u00f3n clave, que creo que foi un \u00e9xito, foi incorporar a Mehdi como director do porto. Ademais das s\u00faas cualificaci\u00f3ns, \u00e9 un tipo moi motivado, que \u00e9 exactamente o que necesitabamos. Ent\u00f3n, a mi\u00f1a primeira visita foi para ver o porto e reunirme cos antigos propietarios, e despois viaxei numerosas veces. Viaxei d\u00faas veces m\u00e1is ata que finalizamos o acordo, e despois estiven indo practicamente todos os meses. E despois, unha vez que Mehdi asumiu o cargo, viaxei trimestralmente para reunirme coa Autoridade Portuaria, que te\u00f1o que dicir que sempre nos apoiou e foi moi importante para facilitar as cousas para levar a cabo o proxecto.     <\/p><p>E despois co Presidente da Cidade e todo o equipo. Cos distintos concelleiros, cos que tam\u00e9n tivemos unha relaci\u00f3n moi estreita e de colaboraci\u00f3n. Sempre nos sentimos moi ben tratados en Ceuta e, a cambio, compromet\u00e9monos cun proxecto de investimento para transformar completamente o porto. Cremos que o porto \u00e9 unha das facetas da cidade. Tes a vertente portuaria comercial e despois a perspectiva tur\u00edstica. Ademais, \u00e9 un tipo de turismo cun poder adquisitivo superior \u00e1 media. Queriamos ter un porto digno de Ceuta e niso estamos traballando.      <\/p><p><strong>P.- E ata agora, antes da crise, que se conseguira no porto de Ceuta en termos de recursos humanos, infraestruturas e clientes?<\/strong><\/p><p>R: Practicamente cambiamos todo o persoal. Contratamos un novo xerente de estaleiro, un segundo ao mando, un contramaestre, un director administrativo e substitu\u00edmos a case todos os demais mari\u00f1eiros. E tam\u00e9n o director. Polo tanto, foi unha reforma completa e creo que un cambio radical para os usuarios.<\/p><p>Houbo unha controversia sobre como se cobraban as taxas, como se facturaban mensualmente en funci\u00f3n das medidas tomadas por eslora, manga, etc. Chegamos a un acordo para modificar o contrato de concesi\u00f3n para cobrar por amarre e implementar un per\u00edodo de transici\u00f3n entre os sistemas antigo e novo. Isto trouxo algo de tranquilidade \u00e1 situaci\u00f3n. Tam\u00e9n reducimos a tarifa de estacionamento para facilitarlles o acceso \u00e1s instalaci\u00f3ns. E despois fixemos algunhas melloras na infraestrutura, especialmente na rampa. Compramos un novo ascensor, xa que o antigo causaba moitos problemas.   <\/p><p>Tam\u00e9n compramos unha carretilla elevadora para levantar e mover os barcos dentro da rampa. Chegamos a acordos co CAS (Real Club N\u00e1utico). A\u00ednda est\u00e1 en desenvolvemento, pero gustar\u00edanos que o CAS xestionase todas as actividades n\u00e1uticas e deportivas que promovemos. Deste xeito, podemos aproveitar a nosa proximidade e os nosos usuarios poden utilizar as s\u00faas instalaci\u00f3ns se o desexan. Colaboramos co Concello de Madrid nunha campa\u00f1a para traer barcos de paso da pen\u00ednsula a Ceuta.    <\/p><p>Chegamos a acordos con todos os portos do Mediterr\u00e1neo sur para a organizaci\u00f3n de regatas e concentraci\u00f3ns.<\/p><p><strong>P: Chegou a Ceuta en 2024, cando a Cidade Aut\u00f3noma levaba anos investindo en turismo n\u00e1utico como parte dos seus esforzos por diversificar a econom\u00eda. E ent\u00f3n, de s\u00fapeto, o 30 de xullo deste ano, aconteceu o que pasou. Como se decatou da magnitude do que acababa de ocorrer?<\/strong><\/p><p><strong>R:<\/strong> Isto foi un shock. Como cidad\u00e1n espa\u00f1ol, ver as fronteiras do teu pa\u00eds violadas e un gran n\u00famero de persoas entrando indiscriminadamente sen ning\u00fan control \u00e9 primeiro un shock, e despois unha sensaci\u00f3n de incredulidade por como o goberno espa\u00f1ol non reaccionou cos medios axeitados para evitalo. Polo menos, unha vez que ocorreu, para facer que todos os inmigrantes ilegais abandonasen Ceuta.  <\/p><p>Agora hai moitos m\u00e1is axentes de polic\u00eda nas r\u00faas, pero os inmigrantes indocumentados seguen nas praias, en tendas de campa\u00f1a e acampando nas r\u00faas. Non se est\u00e1n a usar as instalaci\u00f3ns dese\u00f1adas para estas circunstancias. \u00c9 unha situaci\u00f3n que combina sorpresa e incredulidade ante a falta dunha resposta proporcionada ao sucedido.  <\/p><p><strong>P.- E a nivel portuario e con todos os proxectos pendentes, isto significa que estar\u00e1n paralizados ou tedes previsto retomar todo en canto volva a normalidade?<\/strong><\/p><p>R: Investimos nos portos durante 25 anos. A nosa concesi\u00f3n dura ata 2052. Polo tanto, qu\u00e9dannos 26 anos. O noso compromiso \u00e9 igual de forte, ou incluso m\u00e1is forte, que antes. E, de feito, \u00e1 parte do porto, temos novos proxectos que nos gustar\u00eda levar a cabo dentro da cidade e imos levalos a cabo. Creo que non se lle pode pedir \u00e1 cidade que faga m\u00e1is do que xa fixo porque non est\u00e1 nas s\u00faas mans. Pero \u00e9 importante resolver esta situaci\u00f3n para o futuro. Creo que \u00e9 polo benestar dos cidad\u00e1ns de Ceuta.<\/p><p>N\u00f3s, como autoridade portuaria, reforzamos a seguridade para evitar a afluencia de inmigrantes sen papeis e asegur\u00e1monos de que non entrase ning\u00fan. Tivemos algunhas cancelaci\u00f3ns de tr\u00e1nsito, o que \u00e9 comprensible dadas as noticias, pero retom\u00e1ronse rapidamente. Noutras palabras, o porto est\u00e1 a funcionar, se non coa mesma normalidade que antes da afluencia, si moi preto da normalidade. Pola nosa banda, como propietarios de empresas e promotores do porto, a nosa prioridade \u00e9 completar o noso proxecto.   <\/p><p>Ben, queremos comezar. S\u00f3 estamos esperando que o concello nos conceda finalmente a licenza de obra. Levamos moito tempo esperando, pero temos un proxecto verdadeiramente transformador e imos constru\u00edr un fito na cidade de Ceuta e cambiar completamente o porto.  <\/p><p>S\u00f3 precisamos un permiso. Temos todos os fondos listos para investir e executar o proxecto que xa presentamos.   <\/p><p><strong>P: Ent\u00f3n, segue adiante ao 100&nbsp;%?<\/strong><\/p><p><strong>R<\/strong> : 100&nbsp;% e se podemos manter m\u00e1is concesi\u00f3ns, far\u00e9molo.<\/p><p><strong>P: Que investimento fixeches ata o de agora?<\/strong><\/p><p><strong>R:<\/strong> O noso investimento supera os 6 mill\u00f3ns de euros. E se combinamos iso con outra concesi\u00f3n que estamos agardando, probablemente chegar\u00e1 a aproximadamente 7,5 mill\u00f3ns. En 2024, investimos preto dun mill\u00f3n de euros. O caso \u00e9 que melloramos o que xa hab\u00eda, pero non o transformamos. Os 6 mill\u00f3ns de euros transformar\u00e1n o porto.    <\/p><p>Agora temos 5.000 metros cadrados de terreo comercializable. Temos arrendatarios asinados por un ano e medio. Todo o edificio est\u00e1 prearrendado e case todos os espazos comerciais que imos constru\u00edr xa est\u00e1n prearrendados.  <\/p><p>Hai moito interese porque \u00e9 unha localizaci\u00f3n privilexiada na cidade. S\u00f3 estamos esperando a licenza de obra para poder comezar canto antes. <\/p><p><strong>P: E que nos pode dicir sobre esa nova concesi\u00f3n que est\u00e1 pendente?<\/strong><\/p><p><strong>R:<\/strong> Non che podo dicir iso porque violar\u00eda a confidencialidade. Pero ser\u00eda moi complementario ao que estamos a facer agora e permitir\u00edanos facer unha transformaci\u00f3n a\u00ednda maior da que ti\u00f1amos planeada.   <\/p><p><strong>P.- Finalmente, como empresarios que invisten en Ceuta, que lle piden \u00e1 Administraci\u00f3n en termos de seguridade e garant\u00edas?<\/strong><\/p><p><strong>R:<\/strong> Sabemos que a cidade aut\u00f3noma ten competencias que se estenden \u00e1 polic\u00eda local. A Polic\u00eda Nacional e a Garda Civil dependen do Ministerio do Interior e o Ex\u00e9rcito de Terra dependen do Ministerio de Defensa. <\/p><p>Podemos pedirlle \u00e1 cidade o que nos pode dar, que sempre nos deu. O que si pedimos \u00e9 que tomen medidas cos ministerios pertinentes para reforzar permanentemente a seguridade, especialmente na fronteira. \u00c9 inaceptable ter unha valla de oito metros e que logo, cando chegas ao paso fronteirizo de Tarajal, todo o mundo se cole.  <\/p><p>Eu ti\u00f1a planeado un investimento para que, en vez dese tipo de barreira de pl\u00e1stico, fose s\u00f3lida. Os investimentos deber\u00edan facerse. Esta \u00e9 a mi\u00f1a opini\u00f3n persoal como cidad\u00e1n, independentemente de calquera outra cousa; creo que nunha situaci\u00f3n na que o teu territorio \u00e9 invadido, o Ex\u00e9rcito ten que intervir.  <\/p><p>O Ex\u00e9rcito est\u00e1 comprometido coa defensa da integridade territorial de Espa\u00f1a, e non o fixo porque os seus comandantes non estiveron \u00e1 altura das circunstancias. Polo tanto, a cidade ten a responsabilidade de chegar a un acordo cos ministerios competentes sobre os reforzos e un protocolo para evitar que isto volva ocorrer, porque, francamente, parece que poder\u00eda volver ocorrer en calquera momento. Ent\u00f3n, o importante \u00e9 tomar medidas preventivas.  <\/p>\t\t\t\t\t\t\t\t<\/div>\n\t\t\t\t<div class=\"elementor-element elementor-element-aa968e1 elementor-widget elementor-widget-button\" data-id=\"aa968e1\" data-element_type=\"widget\" data-e-type=\"widget\" data-widget_type=\"button.default\">\n\t\t\t\t\t\t\t\t\t\t<a class=\"elementor-button elementor-button-link elementor-size-sm\" href=\"https:\/\/www.elpueblodeceuta.es\/sec\/economia\/presidente-puerto-deportivo-ceuta-apuesta_1_1186712.html\" target=\"_blank\">\n\t\t\t\t\t\t<span class=\"elementor-button-content-wrapper\">\n\t\t\t\t\t\t\t\t\t<span class=\"elementor-button-text\">IR AO ARTIGO<\/span>\n\t\t\t\t\t<\/span>\n\t\t\t\t\t<\/a>\n\t\t\t\t\t\t\t\t<\/div>\n\t\t\n<\/div>\n\t\t<\/div>\n\t\t","protected":false},"excerpt":{"rendered":"<p>Jos\u00e9 Manuel Arrojo \u00e9 o director xeral de Nauplia Capital, que ten a concesi\u00f3n de Marina H\u00e9rcules ata 2051.<\/p>\n","protected":false},"author":1,"featured_media":1809,"comment_status":"closed","ping_status":"closed","sticky":false,"template":"","format":"standard","meta":{"footnotes":""},"categories":[1],"tags":[],"class_list":["post-1808","post","type-post","status-publish","format-standard","has-post-thumbnail","hentry","category-sin-categorizar"],"yoast_head":"<!-- This site is optimized with the Yoast SEO plugin v28.4 - https:\/\/yoast.com\/product\/yoast-seo-wordpress\/ -->\n<title>&quot;O noso compromiso \u00e9 tan forte, ou incluso m\u00e1is forte que, antes&quot; - Marina Baiona<\/title>\n<meta name=\"description\" content=\"Jos\u00e9 Manuel Arrojo, presidente da Mari\u00f1a de Ceuta, asegura que actualmente est\u00e1n a operar &quot;moi preto da normalidade&quot;.\" \/>\n<meta name=\"robots\" content=\"index, follow, max-snippet:-1, max-image-preview:large, max-video-preview:-1\" \/>\n<link rel=\"canonical\" href=\"https:\/\/marina-baiona.com\/gl\/o-presidente-da-marina-de-ceuta-o-noso-compromiso-e-tan-forte-ou-incluso-mais-forte-que-antes\/\" \/>\n<meta property=\"og:locale\" content=\"gl_ES\" \/>\n<meta property=\"og:type\" content=\"article\" \/>\n<meta property=\"og:title\" content=\"&quot;O noso compromiso \u00e9 tan forte, ou incluso m\u00e1is forte que, antes&quot; - Marina Baiona\" \/>\n<meta property=\"og:description\" content=\"Jos\u00e9 Manuel Arrojo, presidente da Mari\u00f1a de Ceuta, asegura que actualmente est\u00e1n a operar &quot;moi preto da normalidade&quot;.\" \/>\n<meta property=\"og:url\" content=\"https:\/\/marina-baiona.com\/gl\/o-presidente-da-marina-de-ceuta-o-noso-compromiso-e-tan-forte-ou-incluso-mais-forte-que-antes\/\" \/>\n<meta property=\"og:site_name\" content=\"Marina Baiona\" \/>\n<meta property=\"article:published_time\" content=\"2026-08-31T14:44:14+00:00\" \/>\n<meta property=\"article:modified_time\" content=\"2026-08-31T14:54:40+00:00\" \/>\n<meta property=\"og:image\" content=\"https:\/\/marina-baiona.com\/wp-content\/uploads\/2026\/08\/Jose-Manuel-Arrojo-Presidente-Nauplia-Capital.jpg\" \/>\n\t<meta property=\"og:image:width\" content=\"874\" \/>\n\t<meta property=\"og:image:height\" content=\"744\" \/>\n\t<meta property=\"og:image:type\" content=\"image\/jpeg\" \/>\n<meta name=\"author\" content=\"admin\" \/>\n<meta name=\"twitter:card\" content=\"summary_large_image\" \/>\n<meta name=\"twitter:label1\" content=\"Escrito por\" \/>\n\t<meta name=\"twitter:data1\" content=\"admin\" \/>\n\t<meta name=\"twitter:label2\" content=\"Tempo de lectura\" \/>\n\t<meta name=\"twitter:data2\" content=\"9 minutos\" \/>\n<script type=\"application\/ld+json\" class=\"yoast-schema-graph\">{\"@context\":\"https:\\\/\\\/schema.org\",\"@graph\":[{\"@type\":\"Article\",\"@id\":\"https:\\\/\\\/marina-baiona.com\\\/gl\\\/o-presidente-da-marina-de-ceuta-o-noso-compromiso-e-tan-forte-ou-incluso-mais-forte-que-antes\\\/#article\",\"isPartOf\":{\"@id\":\"https:\\\/\\\/marina-baiona.com\\\/gl\\\/o-presidente-da-marina-de-ceuta-o-noso-compromiso-e-tan-forte-ou-incluso-mais-forte-que-antes\\\/\"},\"author\":{\"name\":\"admin\",\"@id\":\"https:\\\/\\\/marina-baiona.com\\\/gl\\\/#\\\/schema\\\/person\\\/09b2fbecb5bc6400b6f43a516728bd16\"},\"headline\":\"O presidente da Mari\u00f1a de Ceuta: \u00abO noso compromiso \u00e9 tan forte, ou incluso m\u00e1is forte, que antes\u00bb.\",\"datePublished\":\"2026-08-31T14:44:14+00:00\",\"dateModified\":\"2026-08-31T14:54:40+00:00\",\"mainEntityOfPage\":{\"@id\":\"https:\\\/\\\/marina-baiona.com\\\/gl\\\/o-presidente-da-marina-de-ceuta-o-noso-compromiso-e-tan-forte-ou-incluso-mais-forte-que-antes\\\/\"},\"wordCount\":1795,\"publisher\":{\"@id\":\"https:\\\/\\\/marina-baiona.com\\\/gl\\\/#organization\"},\"image\":{\"@id\":\"https:\\\/\\\/marina-baiona.com\\\/gl\\\/o-presidente-da-marina-de-ceuta-o-noso-compromiso-e-tan-forte-ou-incluso-mais-forte-que-antes\\\/#primaryimage\"},\"thumbnailUrl\":\"https:\\\/\\\/marina-baiona.com\\\/wp-content\\\/uploads\\\/2026\\\/08\\\/Jose-Manuel-Arrojo-Presidente-Nauplia-Capital.jpg\",\"articleSection\":[\"Sin categorizar\"],\"inLanguage\":\"gl-ES\"},{\"@type\":\"WebPage\",\"@id\":\"https:\\\/\\\/marina-baiona.com\\\/gl\\\/o-presidente-da-marina-de-ceuta-o-noso-compromiso-e-tan-forte-ou-incluso-mais-forte-que-antes\\\/\",\"url\":\"https:\\\/\\\/marina-baiona.com\\\/gl\\\/o-presidente-da-marina-de-ceuta-o-noso-compromiso-e-tan-forte-ou-incluso-mais-forte-que-antes\\\/\",\"name\":\"\\\"O noso compromiso \u00e9 tan forte, ou incluso m\u00e1is forte que, antes\\\" - Marina Baiona\",\"isPartOf\":{\"@id\":\"https:\\\/\\\/marina-baiona.com\\\/gl\\\/#website\"},\"primaryImageOfPage\":{\"@id\":\"https:\\\/\\\/marina-baiona.com\\\/gl\\\/o-presidente-da-marina-de-ceuta-o-noso-compromiso-e-tan-forte-ou-incluso-mais-forte-que-antes\\\/#primaryimage\"},\"image\":{\"@id\":\"https:\\\/\\\/marina-baiona.com\\\/gl\\\/o-presidente-da-marina-de-ceuta-o-noso-compromiso-e-tan-forte-ou-incluso-mais-forte-que-antes\\\/#primaryimage\"},\"thumbnailUrl\":\"https:\\\/\\\/marina-baiona.com\\\/wp-content\\\/uploads\\\/2026\\\/08\\\/Jose-Manuel-Arrojo-Presidente-Nauplia-Capital.jpg\",\"datePublished\":\"2026-08-31T14:44:14+00:00\",\"dateModified\":\"2026-08-31T14:54:40+00:00\",\"description\":\"Jos\u00e9 Manuel Arrojo, presidente da Mari\u00f1a de Ceuta, asegura que actualmente est\u00e1n a operar \\\"moi preto da normalidade\\\".\",\"breadcrumb\":{\"@id\":\"https:\\\/\\\/marina-baiona.com\\\/gl\\\/o-presidente-da-marina-de-ceuta-o-noso-compromiso-e-tan-forte-ou-incluso-mais-forte-que-antes\\\/#breadcrumb\"},\"inLanguage\":\"gl-ES\",\"potentialAction\":[{\"@type\":\"ReadAction\",\"target\":[\"https:\\\/\\\/marina-baiona.com\\\/gl\\\/o-presidente-da-marina-de-ceuta-o-noso-compromiso-e-tan-forte-ou-incluso-mais-forte-que-antes\\\/\"]}]},{\"@type\":\"ImageObject\",\"inLanguage\":\"gl-ES\",\"@id\":\"https:\\\/\\\/marina-baiona.com\\\/gl\\\/o-presidente-da-marina-de-ceuta-o-noso-compromiso-e-tan-forte-ou-incluso-mais-forte-que-antes\\\/#primaryimage\",\"url\":\"https:\\\/\\\/marina-baiona.com\\\/wp-content\\\/uploads\\\/2026\\\/08\\\/Jose-Manuel-Arrojo-Presidente-Nauplia-Capital.jpg\",\"contentUrl\":\"https:\\\/\\\/marina-baiona.com\\\/wp-content\\\/uploads\\\/2026\\\/08\\\/Jose-Manuel-Arrojo-Presidente-Nauplia-Capital.jpg\",\"width\":874,\"height\":744,\"caption\":\"Jose Manuel Arrojo Marina de Ceuta\"},{\"@type\":\"BreadcrumbList\",\"@id\":\"https:\\\/\\\/marina-baiona.com\\\/gl\\\/o-presidente-da-marina-de-ceuta-o-noso-compromiso-e-tan-forte-ou-incluso-mais-forte-que-antes\\\/#breadcrumb\",\"itemListElement\":[{\"@type\":\"ListItem\",\"position\":1,\"name\":\"Home\",\"item\":\"https:\\\/\\\/marina-baiona.com\\\/gl\\\/inicio\\\/\"},{\"@type\":\"ListItem\",\"position\":2,\"name\":\"O presidente da Mari\u00f1a de Ceuta: \u00abO noso compromiso \u00e9 tan forte, ou incluso m\u00e1is forte, que antes\u00bb.\"}]},{\"@type\":\"WebSite\",\"@id\":\"https:\\\/\\\/marina-baiona.com\\\/gl\\\/#website\",\"url\":\"https:\\\/\\\/marina-baiona.com\\\/gl\\\/\",\"name\":\"Marina Baiona\",\"description\":\"Puerto Deportivo Marina Baiona\",\"publisher\":{\"@id\":\"https:\\\/\\\/marina-baiona.com\\\/gl\\\/#organization\"},\"potentialAction\":[{\"@type\":\"SearchAction\",\"target\":{\"@type\":\"EntryPoint\",\"urlTemplate\":\"https:\\\/\\\/marina-baiona.com\\\/gl\\\/?s={search_term_string}\"},\"query-input\":{\"@type\":\"PropertyValueSpecification\",\"valueRequired\":true,\"valueName\":\"search_term_string\"}}],\"inLanguage\":\"gl-ES\"},{\"@type\":\"Organization\",\"@id\":\"https:\\\/\\\/marina-baiona.com\\\/gl\\\/#organization\",\"name\":\"Marina Baiona\",\"url\":\"https:\\\/\\\/marina-baiona.com\\\/gl\\\/\",\"logo\":{\"@type\":\"ImageObject\",\"inLanguage\":\"gl-ES\",\"@id\":\"https:\\\/\\\/marina-baiona.com\\\/gl\\\/#\\\/schema\\\/logo\\\/image\\\/\",\"url\":\"https:\\\/\\\/marina-baiona.com\\\/wp-content\\\/uploads\\\/2026\\\/04\\\/LOGO-MARINA-BAIONA-Final_Logo-Baiona-Nuevo.svg\",\"contentUrl\":\"https:\\\/\\\/marina-baiona.com\\\/wp-content\\\/uploads\\\/2026\\\/04\\\/LOGO-MARINA-BAIONA-Final_Logo-Baiona-Nuevo.svg\",\"width\":485,\"height\":659,\"caption\":\"Marina Baiona\"},\"image\":{\"@id\":\"https:\\\/\\\/marina-baiona.com\\\/gl\\\/#\\\/schema\\\/logo\\\/image\\\/\"}},{\"@type\":\"Person\",\"@id\":\"https:\\\/\\\/marina-baiona.com\\\/gl\\\/#\\\/schema\\\/person\\\/09b2fbecb5bc6400b6f43a516728bd16\",\"name\":\"admin\",\"image\":{\"@type\":\"ImageObject\",\"inLanguage\":\"gl-ES\",\"@id\":\"https:\\\/\\\/secure.gravatar.com\\\/avatar\\\/8861d30f5ade6f59b698b2415cf8686a1ae6c34f374746decfd1b06be813d468?s=96&d=mm&r=g\",\"url\":\"https:\\\/\\\/secure.gravatar.com\\\/avatar\\\/8861d30f5ade6f59b698b2415cf8686a1ae6c34f374746decfd1b06be813d468?s=96&d=mm&r=g\",\"contentUrl\":\"https:\\\/\\\/secure.gravatar.com\\\/avatar\\\/8861d30f5ade6f59b698b2415cf8686a1ae6c34f374746decfd1b06be813d468?s=96&d=mm&r=g\",\"caption\":\"admin\"},\"sameAs\":[\"https:\\\/\\\/marina-baiona.com\"],\"url\":\"https:\\\/\\\/marina-baiona.com\\\/gl\\\/author\\\/admin\\\/\"}]}<\/script>\n<!-- \/ Yoast SEO plugin. -->","yoast_head_json":{"title":"\"O noso compromiso \u00e9 tan forte, ou incluso m\u00e1is forte que, antes\" - Marina Baiona","description":"Jos\u00e9 Manuel Arrojo, presidente da Mari\u00f1a de Ceuta, asegura que actualmente est\u00e1n a operar \"moi preto da normalidade\".","robots":{"index":"index","follow":"follow","max-snippet":"max-snippet:-1","max-image-preview":"max-image-preview:large","max-video-preview":"max-video-preview:-1"},"canonical":"https:\/\/marina-baiona.com\/gl\/o-presidente-da-marina-de-ceuta-o-noso-compromiso-e-tan-forte-ou-incluso-mais-forte-que-antes\/","og_locale":"gl_ES","og_type":"article","og_title":"\"O noso compromiso \u00e9 tan forte, ou incluso m\u00e1is forte que, antes\" - Marina Baiona","og_description":"Jos\u00e9 Manuel Arrojo, presidente da Mari\u00f1a de Ceuta, asegura que actualmente est\u00e1n a operar \"moi preto da normalidade\".","og_url":"https:\/\/marina-baiona.com\/gl\/o-presidente-da-marina-de-ceuta-o-noso-compromiso-e-tan-forte-ou-incluso-mais-forte-que-antes\/","og_site_name":"Marina Baiona","article_published_time":"2026-08-31T14:44:14+00:00","article_modified_time":"2026-08-31T14:54:40+00:00","og_image":[{"width":874,"height":744,"url":"https:\/\/marina-baiona.com\/wp-content\/uploads\/2026\/08\/Jose-Manuel-Arrojo-Presidente-Nauplia-Capital.jpg","type":"image\/jpeg"}],"author":"admin","twitter_card":"summary_large_image","twitter_misc":{"Escrito por":"admin","Tempo de lectura":"9 minutos"},"schema":{"@context":"https:\/\/schema.org","@graph":[{"@type":"Article","@id":"https:\/\/marina-baiona.com\/gl\/o-presidente-da-marina-de-ceuta-o-noso-compromiso-e-tan-forte-ou-incluso-mais-forte-que-antes\/#article","isPartOf":{"@id":"https:\/\/marina-baiona.com\/gl\/o-presidente-da-marina-de-ceuta-o-noso-compromiso-e-tan-forte-ou-incluso-mais-forte-que-antes\/"},"author":{"name":"admin","@id":"https:\/\/marina-baiona.com\/gl\/#\/schema\/person\/09b2fbecb5bc6400b6f43a516728bd16"},"headline":"O presidente da Mari\u00f1a de Ceuta: \u00abO noso compromiso \u00e9 tan forte, ou incluso m\u00e1is forte, que antes\u00bb.","datePublished":"2026-08-31T14:44:14+00:00","dateModified":"2026-08-31T14:54:40+00:00","mainEntityOfPage":{"@id":"https:\/\/marina-baiona.com\/gl\/o-presidente-da-marina-de-ceuta-o-noso-compromiso-e-tan-forte-ou-incluso-mais-forte-que-antes\/"},"wordCount":1795,"publisher":{"@id":"https:\/\/marina-baiona.com\/gl\/#organization"},"image":{"@id":"https:\/\/marina-baiona.com\/gl\/o-presidente-da-marina-de-ceuta-o-noso-compromiso-e-tan-forte-ou-incluso-mais-forte-que-antes\/#primaryimage"},"thumbnailUrl":"https:\/\/marina-baiona.com\/wp-content\/uploads\/2026\/08\/Jose-Manuel-Arrojo-Presidente-Nauplia-Capital.jpg","articleSection":["Sin categorizar"],"inLanguage":"gl-ES"},{"@type":"WebPage","@id":"https:\/\/marina-baiona.com\/gl\/o-presidente-da-marina-de-ceuta-o-noso-compromiso-e-tan-forte-ou-incluso-mais-forte-que-antes\/","url":"https:\/\/marina-baiona.com\/gl\/o-presidente-da-marina-de-ceuta-o-noso-compromiso-e-tan-forte-ou-incluso-mais-forte-que-antes\/","name":"\"O noso compromiso \u00e9 tan forte, ou incluso m\u00e1is forte que, antes\" - Marina Baiona","isPartOf":{"@id":"https:\/\/marina-baiona.com\/gl\/#website"},"primaryImageOfPage":{"@id":"https:\/\/marina-baiona.com\/gl\/o-presidente-da-marina-de-ceuta-o-noso-compromiso-e-tan-forte-ou-incluso-mais-forte-que-antes\/#primaryimage"},"image":{"@id":"https:\/\/marina-baiona.com\/gl\/o-presidente-da-marina-de-ceuta-o-noso-compromiso-e-tan-forte-ou-incluso-mais-forte-que-antes\/#primaryimage"},"thumbnailUrl":"https:\/\/marina-baiona.com\/wp-content\/uploads\/2026\/08\/Jose-Manuel-Arrojo-Presidente-Nauplia-Capital.jpg","datePublished":"2026-08-31T14:44:14+00:00","dateModified":"2026-08-31T14:54:40+00:00","description":"Jos\u00e9 Manuel Arrojo, presidente da Mari\u00f1a de Ceuta, asegura que actualmente est\u00e1n a operar \"moi preto da normalidade\".","breadcrumb":{"@id":"https:\/\/marina-baiona.com\/gl\/o-presidente-da-marina-de-ceuta-o-noso-compromiso-e-tan-forte-ou-incluso-mais-forte-que-antes\/#breadcrumb"},"inLanguage":"gl-ES","potentialAction":[{"@type":"ReadAction","target":["https:\/\/marina-baiona.com\/gl\/o-presidente-da-marina-de-ceuta-o-noso-compromiso-e-tan-forte-ou-incluso-mais-forte-que-antes\/"]}]},{"@type":"ImageObject","inLanguage":"gl-ES","@id":"https:\/\/marina-baiona.com\/gl\/o-presidente-da-marina-de-ceuta-o-noso-compromiso-e-tan-forte-ou-incluso-mais-forte-que-antes\/#primaryimage","url":"https:\/\/marina-baiona.com\/wp-content\/uploads\/2026\/08\/Jose-Manuel-Arrojo-Presidente-Nauplia-Capital.jpg","contentUrl":"https:\/\/marina-baiona.com\/wp-content\/uploads\/2026\/08\/Jose-Manuel-Arrojo-Presidente-Nauplia-Capital.jpg","width":874,"height":744,"caption":"Jose Manuel Arrojo Marina de Ceuta"},{"@type":"BreadcrumbList","@id":"https:\/\/marina-baiona.com\/gl\/o-presidente-da-marina-de-ceuta-o-noso-compromiso-e-tan-forte-ou-incluso-mais-forte-que-antes\/#breadcrumb","itemListElement":[{"@type":"ListItem","position":1,"name":"Home","item":"https:\/\/marina-baiona.com\/gl\/inicio\/"},{"@type":"ListItem","position":2,"name":"O presidente da Mari\u00f1a de Ceuta: \u00abO noso compromiso \u00e9 tan forte, ou incluso m\u00e1is forte, que antes\u00bb."}]},{"@type":"WebSite","@id":"https:\/\/marina-baiona.com\/gl\/#website","url":"https:\/\/marina-baiona.com\/gl\/","name":"Marina Baiona","description":"Puerto Deportivo Marina Baiona","publisher":{"@id":"https:\/\/marina-baiona.com\/gl\/#organization"},"potentialAction":[{"@type":"SearchAction","target":{"@type":"EntryPoint","urlTemplate":"https:\/\/marina-baiona.com\/gl\/?s={search_term_string}"},"query-input":{"@type":"PropertyValueSpecification","valueRequired":true,"valueName":"search_term_string"}}],"inLanguage":"gl-ES"},{"@type":"Organization","@id":"https:\/\/marina-baiona.com\/gl\/#organization","name":"Marina Baiona","url":"https:\/\/marina-baiona.com\/gl\/","logo":{"@type":"ImageObject","inLanguage":"gl-ES","@id":"https:\/\/marina-baiona.com\/gl\/#\/schema\/logo\/image\/","url":"https:\/\/marina-baiona.com\/wp-content\/uploads\/2026\/04\/LOGO-MARINA-BAIONA-Final_Logo-Baiona-Nuevo.svg","contentUrl":"https:\/\/marina-baiona.com\/wp-content\/uploads\/2026\/04\/LOGO-MARINA-BAIONA-Final_Logo-Baiona-Nuevo.svg","width":485,"height":659,"caption":"Marina Baiona"},"image":{"@id":"https:\/\/marina-baiona.com\/gl\/#\/schema\/logo\/image\/"}},{"@type":"Person","@id":"https:\/\/marina-baiona.com\/gl\/#\/schema\/person\/09b2fbecb5bc6400b6f43a516728bd16","name":"admin","image":{"@type":"ImageObject","inLanguage":"gl-ES","@id":"https:\/\/secure.gravatar.com\/avatar\/8861d30f5ade6f59b698b2415cf8686a1ae6c34f374746decfd1b06be813d468?s=96&d=mm&r=g","url":"https:\/\/secure.gravatar.com\/avatar\/8861d30f5ade6f59b698b2415cf8686a1ae6c34f374746decfd1b06be813d468?s=96&d=mm&r=g","contentUrl":"https:\/\/secure.gravatar.com\/avatar\/8861d30f5ade6f59b698b2415cf8686a1ae6c34f374746decfd1b06be813d468?s=96&d=mm&r=g","caption":"admin"},"sameAs":["https:\/\/marina-baiona.com"],"url":"https:\/\/marina-baiona.com\/gl\/author\/admin\/"}]}},"_links":{"self":[{"href":"https:\/\/marina-baiona.com\/gl\/wp-json\/wp\/v2\/posts\/1808","targetHints":{"allow":["GET"]}}],"collection":[{"href":"https:\/\/marina-baiona.com\/gl\/wp-json\/wp\/v2\/posts"}],"about":[{"href":"https:\/\/marina-baiona.com\/gl\/wp-json\/wp\/v2\/types\/post"}],"author":[{"embeddable":true,"href":"https:\/\/marina-baiona.com\/gl\/wp-json\/wp\/v2\/users\/1"}],"replies":[{"embeddable":true,"href":"https:\/\/marina-baiona.com\/gl\/wp-json\/wp\/v2\/comments?post=1808"}],"version-history":[{"count":2,"href":"https:\/\/marina-baiona.com\/gl\/wp-json\/wp\/v2\/posts\/1808\/revisions"}],"predecessor-version":[{"id":1811,"href":"https:\/\/marina-baiona.com\/gl\/wp-json\/wp\/v2\/posts\/1808\/revisions\/1811"}],"wp:featuredmedia":[{"embeddable":true,"href":"https:\/\/marina-baiona.com\/gl\/wp-json\/wp\/v2\/media\/1809"}],"wp:attachment":[{"href":"https:\/\/marina-baiona.com\/gl\/wp-json\/wp\/v2\/media?parent=1808"}],"wp:term":[{"taxonomy":"category","embeddable":true,"href":"https:\/\/marina-baiona.com\/gl\/wp-json\/wp\/v2\/categories?post=1808"},{"taxonomy":"post_tag","embeddable":true,"href":"https:\/\/marina-baiona.com\/gl\/wp-json\/wp\/v2\/tags?post=1808"}],"curies":[{"name":"wp","href":"https:\/\/api.w.org\/{rel}","templated":true}]}}